{"id":2263,"date":"2024-10-02T12:04:23","date_gmt":"2024-10-02T10:04:23","guid":{"rendered":"https:\/\/www.forumsevilla.com\/encuentro-social-en-octubre\/"},"modified":"2024-11-06T18:42:35","modified_gmt":"2024-11-06T17:42:35","slug":"encuentro-social-en-octubre","status":"publish","type":"post","link":"https:\/\/www.forumsevilla.com\/es\/encuentro-social-en-octubre\/","title":{"rendered":"Reuni\u00f3n social en octubre"},"content":{"rendered":"<p>El jueves 17 de octubre. Nuestro encuentro social de octubre se llev\u00f3 a cabo en AL AJIBE (Almeda de H\u00e9rcules 76) de 20:15 a 21:00 horas. Poco despu\u00e9s del Oktoberfest hubo una acogedora reuni\u00f3n en torno a tapas y copas, que no termin\u00f3 hasta despu\u00e9s del atardecer.  <\/p>\n","protected":false},"excerpt":{"rendered":"<p>El jueves 17 de octubre. Nuestro encuentro social de octubre se llev\u00f3 a cabo en AL AJIBE (Almeda de H\u00e9rcules 76) de 20:15 a 21:00 horas. Poco despu\u00e9s del Oktoberfest hubo una acogedora reuni\u00f3n en torno a tapas y copas, que no termin\u00f3 hasta despu\u00e9s del atardecer.<\/p>\n","protected":false},"author":1,"featured_media":2257,"comment_status":"open","ping_status":"closed","sticky":false,"template":"","format":"standard","meta":{"footnotes":""},"categories":[24],"tags":[],"class_list":["post-2263","post","type-post","status-publish","format-standard","has-post-thumbnail","hentry","category-actividades"],"_links":{"self":[{"href":"https:\/\/www.forumsevilla.com\/es\/wp-json\/wp\/v2\/posts\/2263","targetHints":{"allow":["GET"]}}],"collection":[{"href":"https:\/\/www.forumsevilla.com\/es\/wp-json\/wp\/v2\/posts"}],"about":[{"href":"https:\/\/www.forumsevilla.com\/es\/wp-json\/wp\/v2\/types\/post"}],"author":[{"embeddable":true,"href":"https:\/\/www.forumsevilla.com\/es\/wp-json\/wp\/v2\/users\/1"}],"replies":[{"embeddable":true,"href":"https:\/\/www.forumsevilla.com\/es\/wp-json\/wp\/v2\/comments?post=2263"}],"version-history":[{"count":2,"href":"https:\/\/www.forumsevilla.com\/es\/wp-json\/wp\/v2\/posts\/2263\/revisions"}],"predecessor-version":[{"id":2388,"href":"https:\/\/www.forumsevilla.com\/es\/wp-json\/wp\/v2\/posts\/2263\/revisions\/2388"}],"wp:featuredmedia":[{"embeddable":true,"href":"https:\/\/www.forumsevilla.com\/es\/wp-json\/wp\/v2\/media\/2257"}],"wp:attachment":[{"href":"https:\/\/www.forumsevilla.com\/es\/wp-json\/wp\/v2\/media?parent=2263"}],"wp:term":[{"taxonomy":"category","embeddable":true,"href":"https:\/\/www.forumsevilla.com\/es\/wp-json\/wp\/v2\/categories?post=2263"},{"taxonomy":"post_tag","embeddable":true,"href":"https:\/\/www.forumsevilla.com\/es\/wp-json\/wp\/v2\/tags?post=2263"}],"curies":[{"name":"wp","href":"https:\/\/api.w.org\/{rel}","templated":true}]}}